{"id":4052,"date":"2024-02-02T10:53:23","date_gmt":"2024-02-02T15:53:23","guid":{"rendered":"https:\/\/hospitalsanjose.gov.co\/?p=4052"},"modified":"2026-02-05T17:22:17","modified_gmt":"2026-02-05T22:22:17","slug":"consulta-externa","status":"publish","type":"post","link":"https:\/\/hospitalsanjose.gov.co\/index.php\/consulta-externa\/","title":{"rendered":"Consulta Externa"},"content":{"rendered":"<p><div class=\"fusion-fullwidth fullwidth-box fusion-builder-row-1 fusion-flex-container has-pattern-background has-mask-background nonhundred-percent-fullwidth non-hundred-percent-height-scrolling\" style=\"--awb-border-radius-top-left:0px;--awb-border-radius-top-right:0px;--awb-border-radius-bottom-right:0px;--awb-border-radius-bottom-left:0px;--awb-flex-wrap:wrap;\" ><div class=\"fusion-builder-row fusion-row fusion-flex-align-items-flex-start fusion-flex-content-wrap\" style=\"max-width:1248px;margin-left: calc(-4% \/ 2 );margin-right: calc(-4% \/ 2 );\"><div class=\"fusion-layout-column fusion_builder_column fusion-builder-column-0 fusion_builder_column_1_1 1_1 fusion-flex-column\" style=\"--awb-bg-size:cover;--awb-width-large:100%;--awb-margin-top-large:0px;--awb-spacing-right-large:1.92%;--awb-margin-bottom-large:20px;--awb-spacing-left-large:1.92%;--awb-width-medium:100%;--awb-order-medium:0;--awb-spacing-right-medium:1.92%;--awb-spacing-left-medium:1.92%;--awb-width-small:100%;--awb-order-small:0;--awb-spacing-right-small:1.92%;--awb-spacing-left-small:1.92%;\"><div class=\"fusion-column-wrapper fusion-column-has-shadow fusion-flex-justify-content-flex-start fusion-content-layout-column\"><nav class=\"fusion-breadcrumbs fusion-breadcrumbs-1 fusion-animated\" style=\"--awb-font-size:14;--awb-text-color:var(--awb-color4);--awb-breadcrumb-sep:&#039;&gt;&#039;;\" aria-label=\"Breadcrumb\" data-animationType=\"fadeInLeft\" data-animationDuration=\"0.3\" data-animationOffset=\"top-into-view\"><ol class=\"awb-breadcrumb-list\"><li class=\"fusion-breadcrumb-item awb-breadcrumb-sep\" ><a href=\"https:\/\/hospitalsanjose.gov.co\" class=\"fusion-breadcrumb-link\"><span >Home<\/span><\/a><\/li><\/ol><\/nav><\/div><\/div><\/div><\/div><div class=\"fusion-fullwidth fullwidth-box fusion-builder-row-2 fusion-flex-container nonhundred-percent-fullwidth non-hundred-percent-height-scrolling\" style=\"--awb-border-radius-top-left:0px;--awb-border-radius-top-right:0px;--awb-border-radius-bottom-right:0px;--awb-border-radius-bottom-left:0px;--awb-flex-wrap:wrap;\" ><div class=\"fusion-builder-row fusion-row fusion-flex-align-items-flex-start fusion-flex-content-wrap\" style=\"max-width:1248px;margin-left: calc(-4% \/ 2 );margin-right: calc(-4% \/ 2 );\"><div class=\"fusion-layout-column fusion_builder_column fusion-builder-column-1 fusion_builder_column_1_1 1_1 fusion-flex-column\" style=\"--awb-bg-size:cover;--awb-width-large:100%;--awb-margin-top-large:0px;--awb-spacing-right-large:1.92%;--awb-margin-bottom-large:20px;--awb-spacing-left-large:1.92%;--awb-width-medium:100%;--awb-order-medium:0;--awb-spacing-right-medium:1.92%;--awb-spacing-left-medium:1.92%;--awb-width-small:100%;--awb-order-small:0;--awb-spacing-right-small:1.92%;--awb-spacing-left-small:1.92%;\"><div class=\"fusion-column-wrapper fusion-column-has-shadow fusion-flex-justify-content-flex-start fusion-content-layout-column\"><div class=\"fusion-image-element \" style=\"--awb-caption-title-font-family:var(--h2_typography-font-family);--awb-caption-title-font-weight:var(--h2_typography-font-weight);--awb-caption-title-font-style:var(--h2_typography-font-style);--awb-caption-title-size:var(--h2_typography-font-size);--awb-caption-title-transform:var(--h2_typography-text-transform);--awb-caption-title-line-height:var(--h2_typography-line-height);--awb-caption-title-letter-spacing:var(--h2_typography-letter-spacing);\"><span class=\" fusion-imageframe imageframe-none imageframe-1 hover-type-none\"><img decoding=\"async\" width=\"2560\" height=\"640\" title=\"5.CINCO\" src=\"https:\/\/hospitalsanjose.gov.co\/wp-content\/uploads\/2024\/02\/5.CINCO_-scaled.jpg\" alt class=\"img-responsive wp-image-6191\" srcset=\"https:\/\/hospitalsanjose.gov.co\/wp-content\/uploads\/2024\/02\/5.CINCO_-200x50.jpg 200w, https:\/\/hospitalsanjose.gov.co\/wp-content\/uploads\/2024\/02\/5.CINCO_-400x100.jpg 400w, https:\/\/hospitalsanjose.gov.co\/wp-content\/uploads\/2024\/02\/5.CINCO_-scaled.jpg 2560w\" sizes=\"(max-width: 640px) 100vw, 2560px\" \/><\/span><\/div><div class=\"fusion-title title fusion-title-1 fusion-sep-none fusion-title-center fusion-title-text fusion-title-size-two\" style=\"--awb-text-color:var(--awb-color4);--awb-margin-top:40px;\"><h2 class=\"fusion-title-heading title-heading-center\" style=\"font-family:&quot;Lato&quot;;font-style:normal;font-weight:700;margin:0;\">Consulta Externa<\/h2><\/div><div class=\"fusion-text fusion-text-1\" style=\"--awb-content-alignment:justify;\"><p>Es un entorno donde la <strong>salud y el bienestar<\/strong> son prioridades indiscutibles, nuestra <strong>Consulta Externa<\/strong> se erige como un pilar fundamental en la <strong>atenci\u00f3n m\u00e9dica integral<\/strong> que ofrecemos. Con una amplia gama de especialidades m\u00e9dicas, desde anestesia hasta reumatolog\u00eda, nuestro objetivo es proporcionar <strong>atenci\u00f3n m\u00e9dica de calidad y personalizada<\/strong> para satisfacer las necesidades individuales de cada paciente. Desde cirug\u00edas especializadas hasta consultas de seguimiento, nuestro equipo multidisciplinario de expertos est\u00e1 dedicado a brindar el m\u00e1s alto nivel de cuidado m\u00e9dico, respaldado por tecnolog\u00eda de vanguardia y un enfoque centrado en el paciente.<\/p>\n<p>En nuestra consulta, la innovaci\u00f3n se une con la experiencia para ofrecer resultados sobresalientes y <strong>mejorar la calidad de vida de aquellos a quienes tenemos el privilegio de atender.<\/strong><\/p>\n<\/div><\/div><\/div><div class=\"fusion-layout-column fusion_builder_column fusion-builder-column-2 fusion_builder_column_1_1 1_1 fusion-flex-column\" style=\"--awb-bg-size:cover;--awb-width-large:100%;--awb-margin-top-large:0px;--awb-spacing-right-large:1.92%;--awb-margin-bottom-large:20px;--awb-spacing-left-large:1.92%;--awb-width-medium:100%;--awb-order-medium:0;--awb-spacing-right-medium:1.92%;--awb-spacing-left-medium:1.92%;--awb-width-small:100%;--awb-order-small:0;--awb-spacing-right-small:1.92%;--awb-spacing-left-small:1.92%;\"><div class=\"fusion-column-wrapper fusion-column-has-shadow fusion-flex-justify-content-flex-start fusion-content-layout-column\"><div class=\"fusion-title title fusion-title-2 fusion-sep-none fusion-title-center fusion-title-text fusion-title-size-three\" style=\"--awb-text-color:var(--awb-color4);\"><h3 class=\"fusion-title-heading title-heading-center\" style=\"font-family:&quot;Lato&quot;;font-style:normal;font-weight:700;margin:0;\">Servicios Brindados en Consulta Externa<\/h3><\/div><\/div><\/div><div class=\"fusion-layout-column fusion_builder_column fusion-builder-column-3 fusion_builder_column_1_2 1_2 fusion-flex-column\" style=\"--awb-bg-size:cover;--awb-width-large:50%;--awb-margin-top-large:0px;--awb-spacing-right-large:3.84%;--awb-margin-bottom-large:20px;--awb-spacing-left-large:3.84%;--awb-width-medium:50%;--awb-order-medium:0;--awb-spacing-right-medium:3.84%;--awb-spacing-left-medium:3.84%;--awb-width-small:100%;--awb-order-small:0;--awb-spacing-right-small:1.92%;--awb-spacing-left-small:1.92%;\"><div class=\"fusion-column-wrapper fusion-column-has-shadow fusion-flex-justify-content-flex-start fusion-content-layout-column\"><div class=\"accordian fusion-accordian\" style=\"--awb-border-size:2px;--awb-icon-size:21px;--awb-content-font-size:16px;--awb-content-letter-spacing:0px;--awb-content-text-transform:var(--awb-typography2-text-transform);--awb-content-line-height:24px;--awb-icon-alignment:left;--awb-hover-color:#90f4d5;--awb-border-color:var(--awb-color4);--awb-background-color:#ccdeee;--awb-divider-color:var(--awb-color3);--awb-divider-hover-color:var(--awb-color3);--awb-icon-color:var(--awb-color4);--awb-title-color:var(--awb-color8);--awb-content-color:#141617;--awb-icon-box-color:#141617;--awb-toggle-hover-accent-color:#141617;--awb-toggle-active-accent-color:#141617;--awb-title-font-family:&quot;Lato&quot;;--awb-title-font-weight:700;--awb-title-font-style:normal;--awb-title-font-size:16px;--awb-title-line-height:24px;--awb-title-text-transform:var(--awb-typography2-text-transform);--awb-content-font-family:&quot;Lato&quot;;--awb-content-font-style:normal;--awb-content-font-weight:400;\"><div class=\"panel-group fusion-toggle-icon-unboxed\" id=\"accordion-4052-1\"><div class=\"fusion-panel panel-default panel-a9094188ce368954d fusion-toggle-no-divider fusion-toggle-boxed-mode\"><div class=\"panel-heading\"><h4 class=\"panel-title toggle\" id=\"toggle_a9094188ce368954d\"><a aria-expanded=\"false\" aria-controls=\"a9094188ce368954d\" role=\"button\" data-toggle=\"collapse\" data-parent=\"#accordion-4052-1\" data-target=\"#a9094188ce368954d\" href=\"#a9094188ce368954d\"><span class=\"fusion-toggle-icon-wrapper\" aria-hidden=\"true\"><i class=\"fa-fusion-box active-icon fa-arrow-alt-circle-down far\" aria-hidden=\"true\"><\/i><i class=\"fa-fusion-box inactive-icon fa-arrow-alt-circle-right far\" aria-hidden=\"true\"><\/i><\/span><span class=\"fusion-toggle-heading\">Anestesia<\/span><\/a><\/h4><\/div><div id=\"a9094188ce368954d\" class=\"panel-collapse collapse \" aria-labelledby=\"toggle_a9094188ce368954d\"><div class=\"panel-body toggle-content fusion-clearfix\">\n<p>Especialidad m\u00e9dica encargada de administrar f\u00e1rmacos para bloquear la sensibilidad t\u00e1ctil y dolorosa en una parte o en todo el cuerpo durante procedimientos m\u00e9dicos o quir\u00fargicos.<\/p>\n<\/div><\/div><\/div><div class=\"fusion-panel panel-default panel-234f69f5acf662772 fusion-toggle-no-divider fusion-toggle-boxed-mode\"><div class=\"panel-heading\"><h4 class=\"panel-title toggle\" id=\"toggle_234f69f5acf662772\"><a aria-expanded=\"false\" aria-controls=\"234f69f5acf662772\" role=\"button\" data-toggle=\"collapse\" data-parent=\"#accordion-4052-1\" data-target=\"#234f69f5acf662772\" href=\"#234f69f5acf662772\"><span class=\"fusion-toggle-icon-wrapper\" aria-hidden=\"true\"><i class=\"fa-fusion-box active-icon fa-arrow-alt-circle-down far\" aria-hidden=\"true\"><\/i><i class=\"fa-fusion-box inactive-icon fa-arrow-alt-circle-right far\" aria-hidden=\"true\"><\/i><\/span><span class=\"fusion-toggle-heading\">Cardiolog\u00eda<\/span><\/a><\/h4><\/div><div id=\"234f69f5acf662772\" class=\"panel-collapse collapse \" aria-labelledby=\"toggle_234f69f5acf662772\"><div class=\"panel-body toggle-content fusion-clearfix\">\n<p>Rama de la medicina que se enfoca en el diagn\u00f3stico y tratamiento de enfermedades del coraz\u00f3n y del sistema circulatorio.<\/p>\n<\/div><\/div><\/div><div class=\"fusion-panel panel-default panel-6f5e92af937b8f33e fusion-toggle-no-divider fusion-toggle-boxed-mode\"><div class=\"panel-heading\"><h4 class=\"panel-title toggle\" id=\"toggle_6f5e92af937b8f33e\"><a aria-expanded=\"false\" aria-controls=\"6f5e92af937b8f33e\" role=\"button\" data-toggle=\"collapse\" data-parent=\"#accordion-4052-1\" data-target=\"#6f5e92af937b8f33e\" href=\"#6f5e92af937b8f33e\"><span class=\"fusion-toggle-icon-wrapper\" aria-hidden=\"true\"><i class=\"fa-fusion-box active-icon fa-arrow-alt-circle-down far\" aria-hidden=\"true\"><\/i><i class=\"fa-fusion-box inactive-icon fa-arrow-alt-circle-right far\" aria-hidden=\"true\"><\/i><\/span><span class=\"fusion-toggle-heading\">Cirug\u00eda general<\/span><\/a><\/h4><\/div><div id=\"6f5e92af937b8f33e\" class=\"panel-collapse collapse \" aria-labelledby=\"toggle_6f5e92af937b8f33e\"><div class=\"panel-body toggle-content fusion-clearfix\">\n<p>Especialidad m\u00e9dica que se encarga del diagn\u00f3stico y tratamiento quir\u00fargico de una amplia variedad de enfermedades, lesiones y afecciones que afectan a diferentes sistemas del cuerpo humano.<\/p>\n<\/div><\/div><\/div><div class=\"fusion-panel panel-default panel-b29e7356af1e7cf86 fusion-toggle-no-divider fusion-toggle-boxed-mode\"><div class=\"panel-heading\"><h4 class=\"panel-title toggle\" id=\"toggle_b29e7356af1e7cf86\"><a aria-expanded=\"false\" aria-controls=\"b29e7356af1e7cf86\" role=\"button\" data-toggle=\"collapse\" data-parent=\"#accordion-4052-1\" data-target=\"#b29e7356af1e7cf86\" href=\"#b29e7356af1e7cf86\"><span class=\"fusion-toggle-icon-wrapper\" aria-hidden=\"true\"><i class=\"fa-fusion-box active-icon fa-arrow-alt-circle-down far\" aria-hidden=\"true\"><\/i><i class=\"fa-fusion-box inactive-icon fa-arrow-alt-circle-right far\" aria-hidden=\"true\"><\/i><\/span><span class=\"fusion-toggle-heading\">Cirug\u00eda neurol\u00f3gica<\/span><\/a><\/h4><\/div><div id=\"b29e7356af1e7cf86\" class=\"panel-collapse collapse \" aria-labelledby=\"toggle_b29e7356af1e7cf86\"><div class=\"panel-body toggle-content fusion-clearfix\">\n<p>Subespecialidad de la cirug\u00eda que se centra en el diagn\u00f3stico y tratamiento quir\u00fargico de enfermedades del sistema nervioso central y perif\u00e9rico, incluyendo el cerebro, la m\u00e9dula espinal y los nervios.<\/p>\n<\/div><\/div><\/div><div class=\"fusion-panel panel-default panel-95a061c022d075bb7 fusion-toggle-no-divider fusion-toggle-boxed-mode\"><div class=\"panel-heading\"><h4 class=\"panel-title toggle\" id=\"toggle_95a061c022d075bb7\"><a aria-expanded=\"false\" aria-controls=\"95a061c022d075bb7\" role=\"button\" data-toggle=\"collapse\" data-parent=\"#accordion-4052-1\" data-target=\"#95a061c022d075bb7\" href=\"#95a061c022d075bb7\"><span class=\"fusion-toggle-icon-wrapper\" aria-hidden=\"true\"><i class=\"fa-fusion-box active-icon fa-arrow-alt-circle-down far\" aria-hidden=\"true\"><\/i><i class=\"fa-fusion-box inactive-icon fa-arrow-alt-circle-right far\" aria-hidden=\"true\"><\/i><\/span><span class=\"fusion-toggle-heading\">Cirug\u00eda pedi\u00e1trica<\/span><\/a><\/h4><\/div><div id=\"95a061c022d075bb7\" class=\"panel-collapse collapse \" aria-labelledby=\"toggle_95a061c022d075bb7\"><div class=\"panel-body toggle-content fusion-clearfix\">\n<p>Especialidad m\u00e9dica que se ocupa de la cirug\u00eda de los reci\u00e9n nacidos, ni\u00f1os y adolescentes. Incluye una amplia gama de procedimientos quir\u00fargicos que abordan problemas pedi\u00e1tricos, desde defectos cong\u00e9nitos hasta lesiones traum\u00e1ticas.<\/p>\n<\/div><\/div><\/div><\/div><\/div><div class=\"accordian fusion-accordian\" style=\"--awb-border-size:2px;--awb-icon-size:21px;--awb-content-font-size:16px;--awb-content-letter-spacing:0px;--awb-content-text-transform:var(--awb-typography2-text-transform);--awb-content-line-height:24px;--awb-icon-alignment:left;--awb-hover-color:#90f4d5;--awb-border-color:var(--awb-color4);--awb-background-color:#ccdeee;--awb-divider-color:var(--awb-color3);--awb-divider-hover-color:var(--awb-color3);--awb-icon-color:var(--awb-color4);--awb-title-color:var(--awb-color8);--awb-content-color:#141617;--awb-icon-box-color:#141617;--awb-toggle-hover-accent-color:#141617;--awb-toggle-active-accent-color:#141617;--awb-title-font-family:&quot;Lato&quot;;--awb-title-font-weight:700;--awb-title-font-style:normal;--awb-title-font-size:16px;--awb-title-line-height:24px;--awb-title-text-transform:var(--awb-typography2-text-transform);--awb-content-font-family:&quot;Lato&quot;;--awb-content-font-style:normal;--awb-content-font-weight:400;\"><div class=\"panel-group fusion-toggle-icon-unboxed\" id=\"accordion-4052-2\"><div class=\"fusion-panel panel-default panel-454e919fb0004f2b2 fusion-toggle-no-divider fusion-toggle-boxed-mode\"><div class=\"panel-heading\"><h4 class=\"panel-title toggle\" id=\"toggle_454e919fb0004f2b2\"><a aria-expanded=\"false\" aria-controls=\"454e919fb0004f2b2\" role=\"button\" data-toggle=\"collapse\" data-parent=\"#accordion-4052-2\" data-target=\"#454e919fb0004f2b2\" href=\"#454e919fb0004f2b2\"><span class=\"fusion-toggle-icon-wrapper\" aria-hidden=\"true\"><i class=\"fa-fusion-box active-icon fa-arrow-alt-circle-down far\" aria-hidden=\"true\"><\/i><i class=\"fa-fusion-box inactive-icon fa-arrow-alt-circle-right far\" aria-hidden=\"true\"><\/i><\/span><span class=\"fusion-toggle-heading\">Dermatolog\u00eda<\/span><\/a><\/h4><\/div><div id=\"454e919fb0004f2b2\" class=\"panel-collapse collapse \" aria-labelledby=\"toggle_454e919fb0004f2b2\"><div class=\"panel-body toggle-content fusion-clearfix\">\n<p>Especialidad m\u00e9dica que se dedica al diagn\u00f3stico y tratamiento de enfermedades y condiciones relacionadas con la piel, el cabello, las u\u00f1as y las mucosas.<\/p>\n<\/div><\/div><\/div><div class=\"fusion-panel panel-default panel-bc77b7fd79a4c0a25 fusion-toggle-no-divider fusion-toggle-boxed-mode\"><div class=\"panel-heading\"><h4 class=\"panel-title toggle\" id=\"toggle_bc77b7fd79a4c0a25\"><a aria-expanded=\"false\" aria-controls=\"bc77b7fd79a4c0a25\" role=\"button\" data-toggle=\"collapse\" data-parent=\"#accordion-4052-2\" data-target=\"#bc77b7fd79a4c0a25\" href=\"#bc77b7fd79a4c0a25\"><span class=\"fusion-toggle-icon-wrapper\" aria-hidden=\"true\"><i class=\"fa-fusion-box active-icon fa-arrow-alt-circle-down far\" aria-hidden=\"true\"><\/i><i class=\"fa-fusion-box inactive-icon fa-arrow-alt-circle-right far\" aria-hidden=\"true\"><\/i><\/span><span class=\"fusion-toggle-heading\">Dolor y cuidados paliativos<\/span><\/a><\/h4><\/div><div id=\"bc77b7fd79a4c0a25\" class=\"panel-collapse collapse \" aria-labelledby=\"toggle_bc77b7fd79a4c0a25\"><div class=\"panel-body toggle-content fusion-clearfix\">\n<p>Especialidad m\u00e9dica enfocada en el alivio del dolor y el sufrimiento en pacientes con enfermedades graves o terminales, as\u00ed como en la mejora de su calidad de vida.<\/p>\n<\/div><\/div><\/div><div class=\"fusion-panel panel-default panel-20f8e446ec0879366 fusion-toggle-no-divider fusion-toggle-boxed-mode\"><div class=\"panel-heading\"><h4 class=\"panel-title toggle\" id=\"toggle_20f8e446ec0879366\"><a aria-expanded=\"false\" aria-controls=\"20f8e446ec0879366\" role=\"button\" data-toggle=\"collapse\" data-parent=\"#accordion-4052-2\" data-target=\"#20f8e446ec0879366\" href=\"#20f8e446ec0879366\"><span class=\"fusion-toggle-icon-wrapper\" aria-hidden=\"true\"><i class=\"fa-fusion-box active-icon fa-arrow-alt-circle-down far\" aria-hidden=\"true\"><\/i><i class=\"fa-fusion-box inactive-icon fa-arrow-alt-circle-right far\" aria-hidden=\"true\"><\/i><\/span><span class=\"fusion-toggle-heading\">Fisioterapia<\/span><\/a><\/h4><\/div><div id=\"20f8e446ec0879366\" class=\"panel-collapse collapse \" aria-labelledby=\"toggle_20f8e446ec0879366\"><div class=\"panel-body toggle-content fusion-clearfix\">\n<p>Disciplina de la salud que se encarga de prevenir, evaluar y tratar trastornos del movimiento y funcionalidad del cuerpo mediante t\u00e9cnicas f\u00edsicas como el ejercicio terap\u00e9utico, masajes y manipulaciones.<\/p>\n<\/div><\/div><\/div><div class=\"fusion-panel panel-default panel-9440d1e65b9372caf fusion-toggle-no-divider fusion-toggle-boxed-mode\"><div class=\"panel-heading\"><h4 class=\"panel-title toggle\" id=\"toggle_9440d1e65b9372caf\"><a aria-expanded=\"false\" aria-controls=\"9440d1e65b9372caf\" role=\"button\" data-toggle=\"collapse\" data-parent=\"#accordion-4052-2\" data-target=\"#9440d1e65b9372caf\" href=\"#9440d1e65b9372caf\"><span class=\"fusion-toggle-icon-wrapper\" aria-hidden=\"true\"><i class=\"fa-fusion-box active-icon fa-arrow-alt-circle-down far\" aria-hidden=\"true\"><\/i><i class=\"fa-fusion-box inactive-icon fa-arrow-alt-circle-right far\" aria-hidden=\"true\"><\/i><\/span><span class=\"fusion-toggle-heading\">Fonoaudiolog\u00eda y\/o terapia de lenguaje<\/span><\/a><\/h4><\/div><div id=\"9440d1e65b9372caf\" class=\"panel-collapse collapse \" aria-labelledby=\"toggle_9440d1e65b9372caf\"><div class=\"panel-body toggle-content fusion-clearfix\">\n<p>Especialidad m\u00e9dica que se dedica al diagn\u00f3stico y tratamiento de trastornos del habla, lenguaje, audici\u00f3n, voz y degluci\u00f3n.<\/p>\n<\/div><\/div><\/div><div class=\"fusion-panel panel-default panel-4d6663af15973fbe9 fusion-toggle-no-divider fusion-toggle-boxed-mode\"><div class=\"panel-heading\"><h4 class=\"panel-title toggle\" id=\"toggle_4d6663af15973fbe9\"><a aria-expanded=\"false\" aria-controls=\"4d6663af15973fbe9\" role=\"button\" data-toggle=\"collapse\" data-parent=\"#accordion-4052-2\" data-target=\"#4d6663af15973fbe9\" href=\"#4d6663af15973fbe9\"><span class=\"fusion-toggle-icon-wrapper\" aria-hidden=\"true\"><i class=\"fa-fusion-box active-icon fa-arrow-alt-circle-down far\" aria-hidden=\"true\"><\/i><i class=\"fa-fusion-box inactive-icon fa-arrow-alt-circle-right far\" aria-hidden=\"true\"><\/i><\/span><span class=\"fusion-toggle-heading\">Gastroenterolog\u00eda<\/span><\/a><\/h4><\/div><div id=\"4d6663af15973fbe9\" class=\"panel-collapse collapse \" aria-labelledby=\"toggle_4d6663af15973fbe9\"><div class=\"panel-body toggle-content fusion-clearfix\">\n<p>Rama de la medicina que se enfoca en el diagn\u00f3stico y tratamiento de enfermedades del aparato digestivo, que incluyen el es\u00f3fago, est\u00f3mago, intestinos, h\u00edgado y p\u00e1ncreas.<\/p>\n<\/div><\/div><\/div><div class=\"fusion-panel panel-default panel-db782b63e97598999 fusion-toggle-no-divider fusion-toggle-boxed-mode\"><div class=\"panel-heading\"><h4 class=\"panel-title toggle\" id=\"toggle_db782b63e97598999\"><a aria-expanded=\"false\" aria-controls=\"db782b63e97598999\" role=\"button\" data-toggle=\"collapse\" data-parent=\"#accordion-4052-2\" data-target=\"#db782b63e97598999\" href=\"#db782b63e97598999\"><span class=\"fusion-toggle-icon-wrapper\" aria-hidden=\"true\"><i class=\"fa-fusion-box active-icon fa-arrow-alt-circle-down far\" aria-hidden=\"true\"><\/i><i class=\"fa-fusion-box inactive-icon fa-arrow-alt-circle-right far\" aria-hidden=\"true\"><\/i><\/span><span class=\"fusion-toggle-heading\">Hematolog\u00eda<\/span><\/a><\/h4><\/div><div id=\"db782b63e97598999\" class=\"panel-collapse collapse \" aria-labelledby=\"toggle_db782b63e97598999\"><div class=\"panel-body toggle-content fusion-clearfix\">\n<p>Especialidad m\u00e9dica que se enfoca en el estudio de la sangre y los trastornos relacionados con la misma, como la anemia, la leucemia y los trastornos de coagulaci\u00f3n.<\/p>\n<\/div><\/div><\/div><div class=\"fusion-panel panel-default panel-9e65a7851fc0b541e fusion-toggle-no-divider fusion-toggle-boxed-mode\"><div class=\"panel-heading\"><h4 class=\"panel-title toggle\" id=\"toggle_9e65a7851fc0b541e\"><a aria-expanded=\"false\" aria-controls=\"9e65a7851fc0b541e\" role=\"button\" data-toggle=\"collapse\" data-parent=\"#accordion-4052-2\" data-target=\"#9e65a7851fc0b541e\" href=\"#9e65a7851fc0b541e\"><span class=\"fusion-toggle-icon-wrapper\" aria-hidden=\"true\"><i class=\"fa-fusion-box active-icon fa-arrow-alt-circle-down far\" aria-hidden=\"true\"><\/i><i class=\"fa-fusion-box inactive-icon fa-arrow-alt-circle-right far\" aria-hidden=\"true\"><\/i><\/span><span class=\"fusion-toggle-heading\">Infectolog\u00eda<\/span><\/a><\/h4><\/div><div id=\"9e65a7851fc0b541e\" class=\"panel-collapse collapse \" aria-labelledby=\"toggle_9e65a7851fc0b541e\"><div class=\"panel-body toggle-content fusion-clearfix\">\n<p>Rama de la medicina que se dedica al estudio, diagn\u00f3stico y tratamiento de las enfermedades infecciosas causadas por bacterias, virus, hongos, par\u00e1sitos y otros agentes infecciosos.<\/p>\n<\/div><\/div><\/div><div class=\"fusion-panel panel-default panel-e904793b66c8d1a0a fusion-toggle-no-divider fusion-toggle-boxed-mode\"><div class=\"panel-heading\"><h4 class=\"panel-title toggle\" id=\"toggle_e904793b66c8d1a0a\"><a aria-expanded=\"false\" aria-controls=\"e904793b66c8d1a0a\" role=\"button\" data-toggle=\"collapse\" data-parent=\"#accordion-4052-2\" data-target=\"#e904793b66c8d1a0a\" href=\"#e904793b66c8d1a0a\"><span class=\"fusion-toggle-icon-wrapper\" aria-hidden=\"true\"><i class=\"fa-fusion-box active-icon fa-arrow-alt-circle-down far\" aria-hidden=\"true\"><\/i><i class=\"fa-fusion-box inactive-icon fa-arrow-alt-circle-right far\" aria-hidden=\"true\"><\/i><\/span><span class=\"fusion-toggle-heading\">Inmunolog\u00eda<\/span><\/a><\/h4><\/div><div id=\"e904793b66c8d1a0a\" class=\"panel-collapse collapse \" aria-labelledby=\"toggle_e904793b66c8d1a0a\"><div class=\"panel-body toggle-content fusion-clearfix\">Especialidad m\u00e9dica que se centra en el estudio del sistema inmunol\u00f3gico y su respuesta a las enfermedades, as\u00ed como en el desarrollo de tratamientos para trastornos inmunol\u00f3gicos.<\/div><\/div><\/div><div class=\"fusion-panel panel-default panel-0989d5ae953b45391 fusion-toggle-no-divider fusion-toggle-boxed-mode\"><div class=\"panel-heading\"><h4 class=\"panel-title toggle\" id=\"toggle_0989d5ae953b45391\"><a aria-expanded=\"false\" aria-controls=\"0989d5ae953b45391\" role=\"button\" data-toggle=\"collapse\" data-parent=\"#accordion-4052-2\" data-target=\"#0989d5ae953b45391\" href=\"#0989d5ae953b45391\"><span class=\"fusion-toggle-icon-wrapper\" aria-hidden=\"true\"><i class=\"fa-fusion-box active-icon fa-arrow-alt-circle-down far\" aria-hidden=\"true\"><\/i><i class=\"fa-fusion-box inactive-icon fa-arrow-alt-circle-right far\" aria-hidden=\"true\"><\/i><\/span><span class=\"fusion-toggle-heading\">Medicina f\u00edsica y rehabilitaci\u00f3n<\/span><\/a><\/h4><\/div><div id=\"0989d5ae953b45391\" class=\"panel-collapse collapse \" aria-labelledby=\"toggle_0989d5ae953b45391\"><div class=\"panel-body toggle-content fusion-clearfix\">\n<p>Especialidad m\u00e9dica que se encarga de la prevenci\u00f3n, diagn\u00f3stico y tratamiento de trastornos musculoesquel\u00e9ticos, neurol\u00f3gicos y otros, con el objetivo de mejorar la funci\u00f3n y calidad de vida del paciente a trav\u00e9s de la rehabilitaci\u00f3n.<\/p>\n<\/div><\/div><\/div><div class=\"fusion-panel panel-default panel-3c6d42ceb4520347e fusion-toggle-no-divider fusion-toggle-boxed-mode\"><div class=\"panel-heading\"><h4 class=\"panel-title toggle\" id=\"toggle_3c6d42ceb4520347e\"><a aria-expanded=\"false\" aria-controls=\"3c6d42ceb4520347e\" role=\"button\" data-toggle=\"collapse\" data-parent=\"#accordion-4052-2\" data-target=\"#3c6d42ceb4520347e\" href=\"#3c6d42ceb4520347e\"><span class=\"fusion-toggle-icon-wrapper\" aria-hidden=\"true\"><i class=\"fa-fusion-box active-icon fa-arrow-alt-circle-down far\" aria-hidden=\"true\"><\/i><i class=\"fa-fusion-box inactive-icon fa-arrow-alt-circle-right far\" aria-hidden=\"true\"><\/i><\/span><span class=\"fusion-toggle-heading\">Medicina interna<\/span><\/a><\/h4><\/div><div id=\"3c6d42ceb4520347e\" class=\"panel-collapse collapse \" aria-labelledby=\"toggle_3c6d42ceb4520347e\"><div class=\"panel-body toggle-content fusion-clearfix\">\n<p>Especialidad m\u00e9dica que se ocupa del diagn\u00f3stico y tratamiento de enfermedades en adultos, abarcando una amplia gama de condiciones m\u00e9dicas que no requieren intervenci\u00f3n quir\u00fargica.<\/p>\n<\/div><\/div><\/div><div class=\"fusion-panel panel-default panel-fe71a1c69f6924d94 fusion-toggle-no-divider fusion-toggle-boxed-mode\"><div class=\"panel-heading\"><h4 class=\"panel-title toggle\" id=\"toggle_fe71a1c69f6924d94\"><a aria-expanded=\"false\" aria-controls=\"fe71a1c69f6924d94\" role=\"button\" data-toggle=\"collapse\" data-parent=\"#accordion-4052-2\" data-target=\"#fe71a1c69f6924d94\" href=\"#fe71a1c69f6924d94\"><span class=\"fusion-toggle-icon-wrapper\" aria-hidden=\"true\"><i class=\"fa-fusion-box active-icon fa-arrow-alt-circle-down far\" aria-hidden=\"true\"><\/i><i class=\"fa-fusion-box inactive-icon fa-arrow-alt-circle-right far\" aria-hidden=\"true\"><\/i><\/span><span class=\"fusion-toggle-heading\">Nefrolog\u00eda<\/span><\/a><\/h4><\/div><div id=\"fe71a1c69f6924d94\" class=\"panel-collapse collapse \" aria-labelledby=\"toggle_fe71a1c69f6924d94\"><div class=\"panel-body toggle-content fusion-clearfix\">\n<p>Rama de la medicina que se dedica al diagn\u00f3stico y tratamiento de enfermedades del ri\u00f1\u00f3n y el sistema urinario, as\u00ed como de los trastornos del equilibrio hidroelectrol\u00edtico y \u00e1cido-base.<\/p>\n<\/div><\/div><\/div><div class=\"fusion-panel panel-default panel-158a78dde481e9782 fusion-toggle-no-divider fusion-toggle-boxed-mode\"><div class=\"panel-heading\"><h4 class=\"panel-title toggle\" id=\"toggle_158a78dde481e9782\"><a aria-expanded=\"false\" aria-controls=\"158a78dde481e9782\" role=\"button\" data-toggle=\"collapse\" data-parent=\"#accordion-4052-2\" data-target=\"#158a78dde481e9782\" href=\"#158a78dde481e9782\"><span class=\"fusion-toggle-icon-wrapper\" aria-hidden=\"true\"><i class=\"fa-fusion-box active-icon fa-arrow-alt-circle-down far\" aria-hidden=\"true\"><\/i><i class=\"fa-fusion-box inactive-icon fa-arrow-alt-circle-right far\" aria-hidden=\"true\"><\/i><\/span><span class=\"fusion-toggle-heading\">Neumolog\u00eda<\/span><\/a><\/h4><\/div><div id=\"158a78dde481e9782\" class=\"panel-collapse collapse \" aria-labelledby=\"toggle_158a78dde481e9782\"><div class=\"panel-body toggle-content fusion-clearfix\">\n<p>Especialidad m\u00e9dica que se enfoca en el diagn\u00f3stico y tratamiento de enfermedades del sistema respiratorio, incluyendo el asma, la enfermedad pulmonar obstructiva cr\u00f3nica (EPOC) y la neumon\u00eda.<\/p>\n<\/div><\/div><\/div><div class=\"fusion-panel panel-default panel-d5b9f8572fe652f01 fusion-toggle-no-divider fusion-toggle-boxed-mode\"><div class=\"panel-heading\"><h4 class=\"panel-title toggle\" id=\"toggle_d5b9f8572fe652f01\"><a aria-expanded=\"false\" aria-controls=\"d5b9f8572fe652f01\" role=\"button\" data-toggle=\"collapse\" data-parent=\"#accordion-4052-2\" data-target=\"#d5b9f8572fe652f01\" href=\"#d5b9f8572fe652f01\"><span class=\"fusion-toggle-icon-wrapper\" aria-hidden=\"true\"><i class=\"fa-fusion-box active-icon fa-arrow-alt-circle-down far\" aria-hidden=\"true\"><\/i><i class=\"fa-fusion-box inactive-icon fa-arrow-alt-circle-right far\" aria-hidden=\"true\"><\/i><\/span><span class=\"fusion-toggle-heading\">Neurolog\u00eda<\/span><\/a><\/h4><\/div><div id=\"d5b9f8572fe652f01\" class=\"panel-collapse collapse \" aria-labelledby=\"toggle_d5b9f8572fe652f01\"><div class=\"panel-body toggle-content fusion-clearfix\">\n<p>Especialidad m\u00e9dica que se dedica al estudio, diagn\u00f3stico y tratamiento de las enfermedades del sistema nervioso central y perif\u00e9rico, como el Alzheimer, el Parkinson y la esclerosis m\u00faltiple.<\/p>\n<\/div><\/div><\/div><div class=\"fusion-panel panel-default panel-4dc81b621d6b863f4 fusion-toggle-no-divider fusion-toggle-boxed-mode\"><div class=\"panel-heading\"><h4 class=\"panel-title toggle\" id=\"toggle_4dc81b621d6b863f4\"><a aria-expanded=\"false\" aria-controls=\"4dc81b621d6b863f4\" role=\"button\" data-toggle=\"collapse\" data-parent=\"#accordion-4052-2\" data-target=\"#4dc81b621d6b863f4\" href=\"#4dc81b621d6b863f4\"><span class=\"fusion-toggle-icon-wrapper\" aria-hidden=\"true\"><i class=\"fa-fusion-box active-icon fa-arrow-alt-circle-down far\" aria-hidden=\"true\"><\/i><i class=\"fa-fusion-box inactive-icon fa-arrow-alt-circle-right far\" aria-hidden=\"true\"><\/i><\/span><span class=\"fusion-toggle-heading\">Oftalmolog\u00eda<\/span><\/a><\/h4><\/div><div id=\"4dc81b621d6b863f4\" class=\"panel-collapse collapse \" aria-labelledby=\"toggle_4dc81b621d6b863f4\"><div class=\"panel-body toggle-content fusion-clearfix\">\n<p>Rama de la medicina que se ocupa del diagn\u00f3stico y tratamiento de las enfermedades y trastornos del ojo, incluyendo la miop\u00eda, el glaucoma y las cataratas.<\/p>\n<\/div><\/div><\/div><div class=\"fusion-panel panel-default panel-59b59c6e372b7dd9a fusion-toggle-no-divider fusion-toggle-boxed-mode\"><div class=\"panel-heading\"><h4 class=\"panel-title toggle\" id=\"toggle_59b59c6e372b7dd9a\"><a aria-expanded=\"false\" aria-controls=\"59b59c6e372b7dd9a\" role=\"button\" data-toggle=\"collapse\" data-parent=\"#accordion-4052-2\" data-target=\"#59b59c6e372b7dd9a\" href=\"#59b59c6e372b7dd9a\"><span class=\"fusion-toggle-icon-wrapper\" aria-hidden=\"true\"><i class=\"fa-fusion-box active-icon fa-arrow-alt-circle-down far\" aria-hidden=\"true\"><\/i><i class=\"fa-fusion-box inactive-icon fa-arrow-alt-circle-right far\" aria-hidden=\"true\"><\/i><\/span><span class=\"fusion-toggle-heading\">Oncolog\u00eda cl\u00ednica<\/span><\/a><\/h4><\/div><div id=\"59b59c6e372b7dd9a\" class=\"panel-collapse collapse \" aria-labelledby=\"toggle_59b59c6e372b7dd9a\"><div class=\"panel-body toggle-content fusion-clearfix\">\n<p>Especialidad m\u00e9dica que se encarga del diagn\u00f3stico y tratamiento de los c\u00e1nceres en adultos, utilizando terapias como la quimioterapia, la radioterapia y la inmunoterapia.<\/p>\n<\/div><\/div><\/div><div class=\"fusion-panel panel-default panel-2c4e70793d192c1c1 fusion-toggle-no-divider fusion-toggle-boxed-mode\"><div class=\"panel-heading\"><h4 class=\"panel-title toggle\" id=\"toggle_2c4e70793d192c1c1\"><a aria-expanded=\"false\" aria-controls=\"2c4e70793d192c1c1\" role=\"button\" data-toggle=\"collapse\" data-parent=\"#accordion-4052-2\" data-target=\"#2c4e70793d192c1c1\" href=\"#2c4e70793d192c1c1\"><span class=\"fusion-toggle-icon-wrapper\" aria-hidden=\"true\"><i class=\"fa-fusion-box active-icon fa-arrow-alt-circle-down far\" aria-hidden=\"true\"><\/i><i class=\"fa-fusion-box inactive-icon fa-arrow-alt-circle-right far\" aria-hidden=\"true\"><\/i><\/span><span class=\"fusion-toggle-heading\">Ginecobstetricia<\/span><\/a><\/h4><\/div><div id=\"2c4e70793d192c1c1\" class=\"panel-collapse collapse \" aria-labelledby=\"toggle_2c4e70793d192c1c1\"><div class=\"panel-body toggle-content fusion-clearfix\">\n<p>Un normograma puede representar las directrices y protocolos relacionados con la atenci\u00f3n prenatal, el parto y el posparto. Esto incluir\u00eda recomendaciones sobre el seguimiento del embarazo, la detecci\u00f3n y manejo de complicaciones obst\u00e9tricas, as\u00ed como procedimientos est\u00e1ndar para el parto y el cuidado postnatal tanto para la madre como para el reci\u00e9n nacido. Un normograma en ginecobstetricia proporciona una referencia visual \u00fatil para los profesionales de la salud que trabajan en el cuidado de mujeres embarazadas, asegurando una atenci\u00f3n segura y basada en evidencia a lo largo del proceso de gestaci\u00f3n y parto.<\/p>\n<\/div><\/div><\/div><div class=\"fusion-panel panel-default panel-e637794162b3b4101 fusion-toggle-no-divider fusion-toggle-boxed-mode\"><div class=\"panel-heading\"><h4 class=\"panel-title toggle\" id=\"toggle_e637794162b3b4101\"><a aria-expanded=\"false\" aria-controls=\"e637794162b3b4101\" role=\"button\" data-toggle=\"collapse\" data-parent=\"#accordion-4052-2\" data-target=\"#e637794162b3b4101\" href=\"#e637794162b3b4101\"><span class=\"fusion-toggle-icon-wrapper\" aria-hidden=\"true\"><i class=\"fa-fusion-box active-icon fa-arrow-alt-circle-down far\" aria-hidden=\"true\"><\/i><i class=\"fa-fusion-box inactive-icon fa-arrow-alt-circle-right far\" aria-hidden=\"true\"><\/i><\/span><span class=\"fusion-toggle-heading\">La Gen\u00e9tica<\/span><\/a><\/h4><\/div><div id=\"e637794162b3b4101\" class=\"panel-collapse collapse \" aria-labelledby=\"toggle_e637794162b3b4101\"><div class=\"panel-body toggle-content fusion-clearfix\">\n<p>Es la rama de la biolog\u00eda que estudia la herencia y la variaci\u00f3n de los organismos a trav\u00e9s de la investigaci\u00f3n de los genes y los procesos que regulan su transmisi\u00f3n y expresi\u00f3n.<\/p>\n<\/div><\/div><\/div><div class=\"fusion-panel panel-default panel-74645caa36b1f7f45 fusion-toggle-no-divider fusion-toggle-boxed-mode\"><div class=\"panel-heading\"><h4 class=\"panel-title toggle\" id=\"toggle_74645caa36b1f7f45\"><a aria-expanded=\"false\" aria-controls=\"74645caa36b1f7f45\" role=\"button\" data-toggle=\"collapse\" data-parent=\"#accordion-4052-2\" data-target=\"#74645caa36b1f7f45\" href=\"#74645caa36b1f7f45\"><span class=\"fusion-toggle-icon-wrapper\" aria-hidden=\"true\"><i class=\"fa-fusion-box active-icon fa-arrow-alt-circle-down far\" aria-hidden=\"true\"><\/i><i class=\"fa-fusion-box inactive-icon fa-arrow-alt-circle-right far\" aria-hidden=\"true\"><\/i><\/span><span class=\"fusion-toggle-heading\">Otras especialidades<\/span><\/a><\/h4><\/div><div id=\"74645caa36b1f7f45\" class=\"panel-collapse collapse \" aria-labelledby=\"toggle_74645caa36b1f7f45\"><div class=\"panel-body toggle-content fusion-clearfix\">\n<p><b>Grupo de Cuidado Especial de Lesiones de Piel y Ostom\u00edas<\/b><\/p>\n<p><span style=\"font-weight: 400;\">Procedimientos realizados por los profesionales de Enfermer\u00eda con Especialidad en Cuidado a Personas con Heridas y Ostom\u00edas.<\/span><\/p>\n<p><b>Programa de Excelencia en Accesos Vasculares<\/b><\/p>\n<p><b>Curaci\u00f3n de Dispositivos Intravasculares (Cat\u00e9ter PICC)<\/b><\/p>\n<p><span style=\"font-weight: 400;\">Procedimientos realizados por los profesionales de Enfermer\u00eda Certificados en Accesos Vasculares de Cat\u00e9ter Venoso Central V\u00eda Perif\u00e9rica (PICC)<\/span><\/p>\n<\/div><\/div><\/div><\/div><\/div><\/div><\/div><div class=\"fusion-layout-column fusion_builder_column fusion-builder-column-4 fusion_builder_column_1_2 1_2 fusion-flex-column\" style=\"--awb-bg-size:cover;--awb-width-large:50%;--awb-margin-top-large:0px;--awb-spacing-right-large:3.84%;--awb-margin-bottom-large:20px;--awb-spacing-left-large:3.84%;--awb-width-medium:50%;--awb-order-medium:0;--awb-spacing-right-medium:3.84%;--awb-spacing-left-medium:3.84%;--awb-width-small:100%;--awb-order-small:0;--awb-spacing-right-small:1.92%;--awb-spacing-left-small:1.92%;\"><div class=\"fusion-column-wrapper fusion-column-has-shadow fusion-flex-justify-content-flex-start fusion-content-layout-column\"><div class=\"accordian fusion-accordian\" style=\"--awb-border-size:2px;--awb-icon-size:21px;--awb-content-font-size:16px;--awb-content-letter-spacing:0px;--awb-content-text-transform:var(--awb-typography2-text-transform);--awb-content-line-height:24px;--awb-icon-alignment:left;--awb-hover-color:#90f4d5;--awb-border-color:var(--awb-color4);--awb-background-color:#ccdeee;--awb-divider-color:var(--awb-color3);--awb-divider-hover-color:var(--awb-color3);--awb-icon-color:var(--awb-color4);--awb-title-color:var(--awb-color8);--awb-content-color:#141617;--awb-icon-box-color:#141617;--awb-toggle-hover-accent-color:#141617;--awb-toggle-active-accent-color:#141617;--awb-title-font-family:&quot;Lato&quot;;--awb-title-font-weight:700;--awb-title-font-style:normal;--awb-title-font-size:16px;--awb-title-line-height:24px;--awb-title-text-transform:var(--awb-typography2-text-transform);--awb-content-font-family:&quot;Lato&quot;;--awb-content-font-style:normal;--awb-content-font-weight:400;\"><div class=\"panel-group fusion-toggle-icon-unboxed\" id=\"accordion-4052-3\"><div class=\"fusion-panel panel-default panel-d431aeb2348abc601 fusion-toggle-no-divider fusion-toggle-boxed-mode\"><div class=\"panel-heading\"><h4 class=\"panel-title toggle\" id=\"toggle_d431aeb2348abc601\"><a aria-expanded=\"false\" aria-controls=\"d431aeb2348abc601\" role=\"button\" data-toggle=\"collapse\" data-parent=\"#accordion-4052-3\" data-target=\"#d431aeb2348abc601\" href=\"#d431aeb2348abc601\"><span class=\"fusion-toggle-icon-wrapper\" aria-hidden=\"true\"><i class=\"fa-fusion-box active-icon fa-arrow-alt-circle-down far\" aria-hidden=\"true\"><\/i><i class=\"fa-fusion-box inactive-icon fa-arrow-alt-circle-right far\" aria-hidden=\"true\"><\/i><\/span><span class=\"fusion-toggle-heading\">Ortopedia y\/o traumatolog\u00eda<\/span><\/a><\/h4><\/div><div id=\"d431aeb2348abc601\" class=\"panel-collapse collapse \" aria-labelledby=\"toggle_d431aeb2348abc601\"><div class=\"panel-body toggle-content fusion-clearfix\">Especialidad m\u00e9dica que se ocupa del diagn\u00f3stico y tratamiento de las lesiones y enfermedades del sistema musculoesquel\u00e9tico, incluyendo fracturas, luxaciones y enfermedades degenerativas de las articulaciones.<\/div><\/div><\/div><div class=\"fusion-panel panel-default panel-f7c30a02dec546acb fusion-toggle-no-divider fusion-toggle-boxed-mode\"><div class=\"panel-heading\"><h4 class=\"panel-title toggle\" id=\"toggle_f7c30a02dec546acb\"><a aria-expanded=\"false\" aria-controls=\"f7c30a02dec546acb\" role=\"button\" data-toggle=\"collapse\" data-parent=\"#accordion-4052-3\" data-target=\"#f7c30a02dec546acb\" href=\"#f7c30a02dec546acb\"><span class=\"fusion-toggle-icon-wrapper\" aria-hidden=\"true\"><i class=\"fa-fusion-box active-icon fa-arrow-alt-circle-down far\" aria-hidden=\"true\"><\/i><i class=\"fa-fusion-box inactive-icon fa-arrow-alt-circle-right far\" aria-hidden=\"true\"><\/i><\/span><span class=\"fusion-toggle-heading\">Otorrinolaringolog\u00eda<\/span><\/a><\/h4><\/div><div id=\"f7c30a02dec546acb\" class=\"panel-collapse collapse \" aria-labelledby=\"toggle_f7c30a02dec546acb\"><div class=\"panel-body toggle-content fusion-clearfix\">\n<p>Especialidad m\u00e9dica que se dedica al diagn\u00f3stico y tratamiento de las enfermedades del o\u00eddo, la nariz, la garganta, la cabeza y el cuello, como la otitis, la sinusitis y los trastornos de la voz.<\/p>\n<\/div><\/div><\/div><div class=\"fusion-panel panel-default panel-01ddd84c5f1852eaa fusion-toggle-no-divider fusion-toggle-boxed-mode\"><div class=\"panel-heading\"><h4 class=\"panel-title toggle\" id=\"toggle_01ddd84c5f1852eaa\"><a aria-expanded=\"false\" aria-controls=\"01ddd84c5f1852eaa\" role=\"button\" data-toggle=\"collapse\" data-parent=\"#accordion-4052-3\" data-target=\"#01ddd84c5f1852eaa\" href=\"#01ddd84c5f1852eaa\"><span class=\"fusion-toggle-icon-wrapper\" aria-hidden=\"true\"><i class=\"fa-fusion-box active-icon fa-arrow-alt-circle-down far\" aria-hidden=\"true\"><\/i><i class=\"fa-fusion-box inactive-icon fa-arrow-alt-circle-right far\" aria-hidden=\"true\"><\/i><\/span><span class=\"fusion-toggle-heading\">Pediatr\u00eda<\/span><\/a><\/h4><\/div><div id=\"01ddd84c5f1852eaa\" class=\"panel-collapse collapse \" aria-labelledby=\"toggle_01ddd84c5f1852eaa\"><div class=\"panel-body toggle-content fusion-clearfix\">\n<p>Rama de la medicina que se enfoca en el diagn\u00f3stico y tratamiento de las enfermedades en ni\u00f1os, desde el nacimiento hasta la adolescencia.<\/p>\n<\/div><\/div><\/div><div class=\"fusion-panel panel-default panel-9fc8caaf275a9e37d fusion-toggle-no-divider fusion-toggle-boxed-mode\"><div class=\"panel-heading\"><h4 class=\"panel-title toggle\" id=\"toggle_9fc8caaf275a9e37d\"><a aria-expanded=\"false\" aria-controls=\"9fc8caaf275a9e37d\" role=\"button\" data-toggle=\"collapse\" data-parent=\"#accordion-4052-3\" data-target=\"#9fc8caaf275a9e37d\" href=\"#9fc8caaf275a9e37d\"><span class=\"fusion-toggle-icon-wrapper\" aria-hidden=\"true\"><i class=\"fa-fusion-box active-icon fa-arrow-alt-circle-down far\" aria-hidden=\"true\"><\/i><i class=\"fa-fusion-box inactive-icon fa-arrow-alt-circle-right far\" aria-hidden=\"true\"><\/i><\/span><span class=\"fusion-toggle-heading\">Psicolog\u00eda<\/span><\/a><\/h4><\/div><div id=\"9fc8caaf275a9e37d\" class=\"panel-collapse collapse \" aria-labelledby=\"toggle_9fc8caaf275a9e37d\"><div class=\"panel-body toggle-content fusion-clearfix\">\n<p>Disciplina que se encarga del estudio de la mente y el comportamiento humano, as\u00ed como del diagn\u00f3stico y tratamiento de los trastornos mentales y emocionales.<\/p>\n<\/div><\/div><\/div><div class=\"fusion-panel panel-default panel-a4ae55687115f9876 fusion-toggle-no-divider fusion-toggle-boxed-mode\"><div class=\"panel-heading\"><h4 class=\"panel-title toggle\" id=\"toggle_a4ae55687115f9876\"><a aria-expanded=\"false\" aria-controls=\"a4ae55687115f9876\" role=\"button\" data-toggle=\"collapse\" data-parent=\"#accordion-4052-3\" data-target=\"#a4ae55687115f9876\" href=\"#a4ae55687115f9876\"><span class=\"fusion-toggle-icon-wrapper\" aria-hidden=\"true\"><i class=\"fa-fusion-box active-icon fa-arrow-alt-circle-down far\" aria-hidden=\"true\"><\/i><i class=\"fa-fusion-box inactive-icon fa-arrow-alt-circle-right far\" aria-hidden=\"true\"><\/i><\/span><span class=\"fusion-toggle-heading\">Psiquiatr\u00eda<\/span><\/a><\/h4><\/div><div id=\"a4ae55687115f9876\" class=\"panel-collapse collapse \" aria-labelledby=\"toggle_a4ae55687115f9876\"><div class=\"panel-body toggle-content fusion-clearfix\">\n<p>Especialidad m\u00e9dica que se ocupa del diagn\u00f3stico, tratamiento y prevenci\u00f3n de los trastornos mentales, como la depresi\u00f3n, la ansiedad y la esquizofrenia.<\/p>\n<\/div><\/div><\/div><div class=\"fusion-panel panel-default panel-b74622b4caded9c7f fusion-toggle-no-divider fusion-toggle-boxed-mode\"><div class=\"panel-heading\"><h4 class=\"panel-title toggle\" id=\"toggle_b74622b4caded9c7f\"><a aria-expanded=\"false\" aria-controls=\"b74622b4caded9c7f\" role=\"button\" data-toggle=\"collapse\" data-parent=\"#accordion-4052-3\" data-target=\"#b74622b4caded9c7f\" href=\"#b74622b4caded9c7f\"><span class=\"fusion-toggle-icon-wrapper\" aria-hidden=\"true\"><i class=\"fa-fusion-box active-icon fa-arrow-alt-circle-down far\" aria-hidden=\"true\"><\/i><i class=\"fa-fusion-box inactive-icon fa-arrow-alt-circle-right far\" aria-hidden=\"true\"><\/i><\/span><span class=\"fusion-toggle-heading\">Terapia respiratoria<\/span><\/a><\/h4><\/div><div id=\"b74622b4caded9c7f\" class=\"panel-collapse collapse \" aria-labelledby=\"toggle_b74622b4caded9c7f\"><div class=\"panel-body toggle-content fusion-clearfix\">\n<p>Disciplina m\u00e9dica que se encarga del diagn\u00f3stico y tratamiento de trastornos respiratorios, utilizando t\u00e9cnicas como la administraci\u00f3n de ox\u00edgeno, la terapia de inhalaci\u00f3n y la ventilaci\u00f3n mec\u00e1nica.<\/p>\n<\/div><\/div><\/div><div class=\"fusion-panel panel-default panel-3d3377139ada18407 fusion-toggle-no-divider fusion-toggle-boxed-mode\"><div class=\"panel-heading\"><h4 class=\"panel-title toggle\" id=\"toggle_3d3377139ada18407\"><a aria-expanded=\"false\" aria-controls=\"3d3377139ada18407\" role=\"button\" data-toggle=\"collapse\" data-parent=\"#accordion-4052-3\" data-target=\"#3d3377139ada18407\" href=\"#3d3377139ada18407\"><span class=\"fusion-toggle-icon-wrapper\" aria-hidden=\"true\"><i class=\"fa-fusion-box active-icon fa-arrow-alt-circle-down far\" aria-hidden=\"true\"><\/i><i class=\"fa-fusion-box inactive-icon fa-arrow-alt-circle-right far\" aria-hidden=\"true\"><\/i><\/span><span class=\"fusion-toggle-heading\">Urolog\u00eda<\/span><\/a><\/h4><\/div><div id=\"3d3377139ada18407\" class=\"panel-collapse collapse \" aria-labelledby=\"toggle_3d3377139ada18407\"><div class=\"panel-body toggle-content fusion-clearfix\">\n<p>Especialidad m\u00e9dica que se dedica al diagn\u00f3stico y tratamiento de las enfermedades del sistema urinario en hombres y mujeres, as\u00ed como de los trastornos del sistema reproductor masculino.<\/p>\n<\/div><\/div><\/div><div class=\"fusion-panel panel-default panel-2d212bf50b827aa8b fusion-toggle-no-divider fusion-toggle-boxed-mode\"><div class=\"panel-heading\"><h4 class=\"panel-title toggle\" id=\"toggle_2d212bf50b827aa8b\"><a aria-expanded=\"false\" aria-controls=\"2d212bf50b827aa8b\" role=\"button\" data-toggle=\"collapse\" data-parent=\"#accordion-4052-3\" data-target=\"#2d212bf50b827aa8b\" href=\"#2d212bf50b827aa8b\"><span class=\"fusion-toggle-icon-wrapper\" aria-hidden=\"true\"><i class=\"fa-fusion-box active-icon fa-arrow-alt-circle-down far\" aria-hidden=\"true\"><\/i><i class=\"fa-fusion-box inactive-icon fa-arrow-alt-circle-right far\" aria-hidden=\"true\"><\/i><\/span><span class=\"fusion-toggle-heading\">Otras consultas de especialidad<\/span><\/a><\/h4><\/div><div id=\"2d212bf50b827aa8b\" class=\"panel-collapse collapse \" aria-labelledby=\"toggle_2d212bf50b827aa8b\"><div class=\"panel-body toggle-content fusion-clearfix\">\n<p>Se refiere a consultas m\u00e9dicas relacionadas con especialidades no mencionadas anteriormente, que pueden abarcar una amplia gama de condiciones m\u00e9dicas y tratamientos.<\/p>\n<\/div><\/div><\/div><div class=\"fusion-panel panel-default panel-4e385d6494bab2b32 fusion-toggle-no-divider fusion-toggle-boxed-mode\"><div class=\"panel-heading\"><h4 class=\"panel-title toggle\" id=\"toggle_4e385d6494bab2b32\"><a aria-expanded=\"false\" aria-controls=\"4e385d6494bab2b32\" role=\"button\" data-toggle=\"collapse\" data-parent=\"#accordion-4052-3\" data-target=\"#4e385d6494bab2b32\" href=\"#4e385d6494bab2b32\"><span class=\"fusion-toggle-icon-wrapper\" aria-hidden=\"true\"><i class=\"fa-fusion-box active-icon fa-arrow-alt-circle-down far\" aria-hidden=\"true\"><\/i><i class=\"fa-fusion-box inactive-icon fa-arrow-alt-circle-right far\" aria-hidden=\"true\"><\/i><\/span><span class=\"fusion-toggle-heading\">Cirug\u00eda de mano<\/span><\/a><\/h4><\/div><div id=\"4e385d6494bab2b32\" class=\"panel-collapse collapse \" aria-labelledby=\"toggle_4e385d6494bab2b32\"><div class=\"panel-body toggle-content fusion-clearfix\">\n<p>Especialidad quir\u00fargica que se ocupa del diagn\u00f3stico y tratamiento de las enfermedades y lesiones de la mano y la mu\u00f1eca.<\/p>\n<\/div><\/div><\/div><div class=\"fusion-panel panel-default panel-0d4dea0addd111dfe fusion-toggle-no-divider fusion-toggle-boxed-mode\"><div class=\"panel-heading\"><h4 class=\"panel-title toggle\" id=\"toggle_0d4dea0addd111dfe\"><a aria-expanded=\"false\" aria-controls=\"0d4dea0addd111dfe\" role=\"button\" data-toggle=\"collapse\" data-parent=\"#accordion-4052-3\" data-target=\"#0d4dea0addd111dfe\" href=\"#0d4dea0addd111dfe\"><span class=\"fusion-toggle-icon-wrapper\" aria-hidden=\"true\"><i class=\"fa-fusion-box active-icon fa-arrow-alt-circle-down far\" aria-hidden=\"true\"><\/i><i class=\"fa-fusion-box inactive-icon fa-arrow-alt-circle-right far\" aria-hidden=\"true\"><\/i><\/span><span class=\"fusion-toggle-heading\">Cirug\u00eda de mama y tumores tejidos blandos<\/span><\/a><\/h4><\/div><div id=\"0d4dea0addd111dfe\" class=\"panel-collapse collapse \" aria-labelledby=\"toggle_0d4dea0addd111dfe\"><div class=\"panel-body toggle-content fusion-clearfix\">\n<p>Especialidad quir\u00fargica que se dedica al diagn\u00f3stico y tratamiento de enfermedades y tumores benignos y malignos de la mama y los tejidos blandos circundantes.<\/p>\n<\/div><\/div><\/div><div class=\"fusion-panel panel-default panel-b54b9ebba3e93ba72 fusion-toggle-no-divider fusion-toggle-boxed-mode\"><div class=\"panel-heading\"><h4 class=\"panel-title toggle\" id=\"toggle_b54b9ebba3e93ba72\"><a aria-expanded=\"false\" aria-controls=\"b54b9ebba3e93ba72\" role=\"button\" data-toggle=\"collapse\" data-parent=\"#accordion-4052-3\" data-target=\"#b54b9ebba3e93ba72\" href=\"#b54b9ebba3e93ba72\"><span class=\"fusion-toggle-icon-wrapper\" aria-hidden=\"true\"><i class=\"fa-fusion-box active-icon fa-arrow-alt-circle-down far\" aria-hidden=\"true\"><\/i><i class=\"fa-fusion-box inactive-icon fa-arrow-alt-circle-right far\" aria-hidden=\"true\"><\/i><\/span><span class=\"fusion-toggle-heading\">Cirug\u00eda gastrointestinal<\/span><\/a><\/h4><\/div><div id=\"b54b9ebba3e93ba72\" class=\"panel-collapse collapse \" aria-labelledby=\"toggle_b54b9ebba3e93ba72\"><div class=\"panel-body toggle-content fusion-clearfix\">\n<p>Especialidad quir\u00fargica que se ocupa del diagn\u00f3stico y tratamiento de las enfermedades y trastornos del sistema digestivo, incluyendo el est\u00f3mago, el intestino delgado y el colon.<\/p>\n<\/div><\/div><\/div><div class=\"fusion-panel panel-default panel-03d9e6b8af77d6dcf fusion-toggle-no-divider fusion-toggle-boxed-mode\"><div class=\"panel-heading\"><h4 class=\"panel-title toggle\" id=\"toggle_03d9e6b8af77d6dcf\"><a aria-expanded=\"false\" aria-controls=\"03d9e6b8af77d6dcf\" role=\"button\" data-toggle=\"collapse\" data-parent=\"#accordion-4052-3\" data-target=\"#03d9e6b8af77d6dcf\" href=\"#03d9e6b8af77d6dcf\"><span class=\"fusion-toggle-icon-wrapper\" aria-hidden=\"true\"><i class=\"fa-fusion-box active-icon fa-arrow-alt-circle-down far\" aria-hidden=\"true\"><\/i><i class=\"fa-fusion-box inactive-icon fa-arrow-alt-circle-right far\" aria-hidden=\"true\"><\/i><\/span><span class=\"fusion-toggle-heading\">Cirug\u00eda pl\u00e1stica y est\u00e9tica<\/span><\/a><\/h4><\/div><div id=\"03d9e6b8af77d6dcf\" class=\"panel-collapse collapse \" aria-labelledby=\"toggle_03d9e6b8af77d6dcf\"><div class=\"panel-body toggle-content fusion-clearfix\">\n<p>Especialidad quir\u00fargica que se encarga de mejorar la apariencia f\u00edsica del paciente a trav\u00e9s de procedimientos reconstructivos o est\u00e9ticos, como la rinoplastia, la liposucci\u00f3n y el aumento mamario.<\/p>\n<\/div><\/div><\/div><div class=\"fusion-panel panel-default panel-a9bbfbbfd6545e425 fusion-toggle-no-divider fusion-toggle-boxed-mode\"><div class=\"panel-heading\"><h4 class=\"panel-title toggle\" id=\"toggle_a9bbfbbfd6545e425\"><a aria-expanded=\"false\" aria-controls=\"a9bbfbbfd6545e425\" role=\"button\" data-toggle=\"collapse\" data-parent=\"#accordion-4052-3\" data-target=\"#a9bbfbbfd6545e425\" href=\"#a9bbfbbfd6545e425\"><span class=\"fusion-toggle-icon-wrapper\" aria-hidden=\"true\"><i class=\"fa-fusion-box active-icon fa-arrow-alt-circle-down far\" aria-hidden=\"true\"><\/i><i class=\"fa-fusion-box inactive-icon fa-arrow-alt-circle-right far\" aria-hidden=\"true\"><\/i><\/span><span class=\"fusion-toggle-heading\">Cirug\u00eda vascular<\/span><\/a><\/h4><\/div><div id=\"a9bbfbbfd6545e425\" class=\"panel-collapse collapse \" aria-labelledby=\"toggle_a9bbfbbfd6545e425\"><div class=\"panel-body toggle-content fusion-clearfix\">\n<p>Especialidad quir\u00fargica que se dedica al diagn\u00f3stico y tratamiento de las enfermedades y trastornos del sistema circulatorio, como las venas varicosas y la enfermedad arterial perif\u00e9rica.<\/p>\n<\/div><\/div><\/div><div class=\"fusion-panel panel-default panel-02a336dc5768e468b fusion-toggle-no-divider fusion-toggle-boxed-mode\"><div class=\"panel-heading\"><h4 class=\"panel-title toggle\" id=\"toggle_02a336dc5768e468b\"><a aria-expanded=\"false\" aria-controls=\"02a336dc5768e468b\" role=\"button\" data-toggle=\"collapse\" data-parent=\"#accordion-4052-3\" data-target=\"#02a336dc5768e468b\" href=\"#02a336dc5768e468b\"><span class=\"fusion-toggle-icon-wrapper\" aria-hidden=\"true\"><i class=\"fa-fusion-box active-icon fa-arrow-alt-circle-down far\" aria-hidden=\"true\"><\/i><i class=\"fa-fusion-box inactive-icon fa-arrow-alt-circle-right far\" aria-hidden=\"true\"><\/i><\/span><span class=\"fusion-toggle-heading\">Cirug\u00eda oncol\u00f3gica<\/span><\/a><\/h4><\/div><div id=\"02a336dc5768e468b\" class=\"panel-collapse collapse \" aria-labelledby=\"toggle_02a336dc5768e468b\"><div class=\"panel-body toggle-content fusion-clearfix\">\n<p>Especialidad quir\u00fargica que se ocupa del diagn\u00f3stico y tratamiento quir\u00fargico de los c\u00e1nceres, incluyendo la extirpaci\u00f3n de tumores malignos y la reconstrucci\u00f3n de tejidos afectados.<\/p>\n<\/div><\/div><\/div><div class=\"fusion-panel panel-default panel-68db2998a6d973a8e fusion-toggle-no-divider fusion-toggle-boxed-mode\"><div class=\"panel-heading\"><h4 class=\"panel-title toggle\" id=\"toggle_68db2998a6d973a8e\"><a aria-expanded=\"false\" aria-controls=\"68db2998a6d973a8e\" role=\"button\" data-toggle=\"collapse\" data-parent=\"#accordion-4052-3\" data-target=\"#68db2998a6d973a8e\" href=\"#68db2998a6d973a8e\"><span class=\"fusion-toggle-icon-wrapper\" aria-hidden=\"true\"><i class=\"fa-fusion-box active-icon fa-arrow-alt-circle-down far\" aria-hidden=\"true\"><\/i><i class=\"fa-fusion-box inactive-icon fa-arrow-alt-circle-right far\" aria-hidden=\"true\"><\/i><\/span><span class=\"fusion-toggle-heading\">Coloproctolog\u00eda<\/span><\/a><\/h4><\/div><div id=\"68db2998a6d973a8e\" class=\"panel-collapse collapse \" aria-labelledby=\"toggle_68db2998a6d973a8e\"><div class=\"panel-body toggle-content fusion-clearfix\">\n<p>Especialidad m\u00e9dica que se ocupa del diagn\u00f3stico y tratamiento de las enfermedades del colon, el recto y el ano.<\/p>\n<\/div><\/div><\/div><div class=\"fusion-panel panel-default panel-4d8e27a9645dccf69 fusion-toggle-no-divider fusion-toggle-boxed-mode\"><div class=\"panel-heading\"><h4 class=\"panel-title toggle\" id=\"toggle_4d8e27a9645dccf69\"><a aria-expanded=\"false\" aria-controls=\"4d8e27a9645dccf69\" role=\"button\" data-toggle=\"collapse\" data-parent=\"#accordion-4052-3\" data-target=\"#4d8e27a9645dccf69\" href=\"#4d8e27a9645dccf69\"><span class=\"fusion-toggle-icon-wrapper\" aria-hidden=\"true\"><i class=\"fa-fusion-box active-icon fa-arrow-alt-circle-down far\" aria-hidden=\"true\"><\/i><i class=\"fa-fusion-box inactive-icon fa-arrow-alt-circle-right far\" aria-hidden=\"true\"><\/i><\/span><span class=\"fusion-toggle-heading\">Neonatolog\u00eda<\/span><\/a><\/h4><\/div><div id=\"4d8e27a9645dccf69\" class=\"panel-collapse collapse \" aria-labelledby=\"toggle_4d8e27a9645dccf69\"><div class=\"panel-body toggle-content fusion-clearfix\">\n<p>Especialidad m\u00e9dica que se dedica al cuidado de los reci\u00e9n nacidos prematuros o enfermos, as\u00ed como al diagn\u00f3stico y tratamiento de las enfermedades y trastornos que afectan a los neonatos.<\/p>\n<\/div><\/div><\/div><div class=\"fusion-panel panel-default panel-324fd90e1fca78425 fusion-toggle-no-divider fusion-toggle-boxed-mode\"><div class=\"panel-heading\"><h4 class=\"panel-title toggle\" id=\"toggle_324fd90e1fca78425\"><a aria-expanded=\"false\" aria-controls=\"324fd90e1fca78425\" role=\"button\" data-toggle=\"collapse\" data-parent=\"#accordion-4052-3\" data-target=\"#324fd90e1fca78425\" href=\"#324fd90e1fca78425\"><span class=\"fusion-toggle-icon-wrapper\" aria-hidden=\"true\"><i class=\"fa-fusion-box active-icon fa-arrow-alt-circle-down far\" aria-hidden=\"true\"><\/i><i class=\"fa-fusion-box inactive-icon fa-arrow-alt-circle-right far\" aria-hidden=\"true\"><\/i><\/span><span class=\"fusion-toggle-heading\">Neumolog\u00eda pedi\u00e1trica<\/span><\/a><\/h4><\/div><div id=\"324fd90e1fca78425\" class=\"panel-collapse collapse \" aria-labelledby=\"toggle_324fd90e1fca78425\"><div class=\"panel-body toggle-content fusion-clearfix\">\n<p>Especialidad m\u00e9dica que se enfoca en el diagn\u00f3stico y tratamiento de las enfermedades respiratorias en ni\u00f1os, como el asma y la bronquitis.<\/p>\n<\/div><\/div><\/div><div class=\"fusion-panel panel-default panel-0b19c7ec65f666e31 fusion-toggle-no-divider fusion-toggle-boxed-mode\"><div class=\"panel-heading\"><h4 class=\"panel-title toggle\" id=\"toggle_0b19c7ec65f666e31\"><a aria-expanded=\"false\" aria-controls=\"0b19c7ec65f666e31\" role=\"button\" data-toggle=\"collapse\" data-parent=\"#accordion-4052-3\" data-target=\"#0b19c7ec65f666e31\" href=\"#0b19c7ec65f666e31\"><span class=\"fusion-toggle-icon-wrapper\" aria-hidden=\"true\"><i class=\"fa-fusion-box active-icon fa-arrow-alt-circle-down far\" aria-hidden=\"true\"><\/i><i class=\"fa-fusion-box inactive-icon fa-arrow-alt-circle-right far\" aria-hidden=\"true\"><\/i><\/span><span class=\"fusion-toggle-heading\">Neurocirug\u00eda<\/span><\/a><\/h4><\/div><div id=\"0b19c7ec65f666e31\" class=\"panel-collapse collapse \" aria-labelledby=\"toggle_0b19c7ec65f666e31\"><div class=\"panel-body toggle-content fusion-clearfix\">\n<p>Especialidad m\u00e9dica que se centra en el diagn\u00f3stico y tratamiento quir\u00fargico de las enfermedades del sistema nervioso central y perif\u00e9rico, incluyendo el cerebro, la m\u00e9dula espinal y los nervios. Los neurocirujanos est\u00e1n capacitados para realizar una amplia variedad de procedimientos, desde la extirpaci\u00f3n de tumores cerebrales hasta la reparaci\u00f3n de lesiones de la m\u00e9dula espinal y la correcci\u00f3n de trastornos del movimiento.<\/p>\n<\/div><\/div><\/div><div class=\"fusion-panel panel-default panel-bd34a0966862447ec fusion-toggle-no-divider fusion-toggle-boxed-mode\"><div class=\"panel-heading\"><h4 class=\"panel-title toggle\" id=\"toggle_bd34a0966862447ec\"><a aria-expanded=\"false\" aria-controls=\"bd34a0966862447ec\" role=\"button\" data-toggle=\"collapse\" data-parent=\"#accordion-4052-3\" data-target=\"#bd34a0966862447ec\" href=\"#bd34a0966862447ec\"><span class=\"fusion-toggle-icon-wrapper\" aria-hidden=\"true\"><i class=\"fa-fusion-box active-icon fa-arrow-alt-circle-down far\" aria-hidden=\"true\"><\/i><i class=\"fa-fusion-box inactive-icon fa-arrow-alt-circle-right far\" aria-hidden=\"true\"><\/i><\/span><span class=\"fusion-toggle-heading\">Neuropediatr\u00eda<\/span><\/a><\/h4><\/div><div id=\"bd34a0966862447ec\" class=\"panel-collapse collapse \" aria-labelledby=\"toggle_bd34a0966862447ec\"><div class=\"panel-body toggle-content fusion-clearfix\">\n<p>Subespecialidad de la pediatr\u00eda que se enfoca en el diagn\u00f3stico y tratamiento de trastornos neurol\u00f3gicos en ni\u00f1os, desde el nacimiento hasta la adolescencia. Los neuropediatras est\u00e1n especialmente capacitados para abordar una amplia gama de afecciones, como la epilepsia infantil, los trastornos del desarrollo neurol\u00f3gico y las enfermedades gen\u00e9ticas que afectan al sistema nervioso.<\/p>\n<\/div><\/div><\/div><div class=\"fusion-panel panel-default panel-1b210128ea41b69bf fusion-toggle-no-divider fusion-toggle-boxed-mode\"><div class=\"panel-heading\"><h4 class=\"panel-title toggle\" id=\"toggle_1b210128ea41b69bf\"><a aria-expanded=\"false\" aria-controls=\"1b210128ea41b69bf\" role=\"button\" data-toggle=\"collapse\" data-parent=\"#accordion-4052-3\" data-target=\"#1b210128ea41b69bf\" href=\"#1b210128ea41b69bf\"><span class=\"fusion-toggle-icon-wrapper\" aria-hidden=\"true\"><i class=\"fa-fusion-box active-icon fa-arrow-alt-circle-down far\" aria-hidden=\"true\"><\/i><i class=\"fa-fusion-box inactive-icon fa-arrow-alt-circle-right far\" aria-hidden=\"true\"><\/i><\/span><span class=\"fusion-toggle-heading\">Reumatolog\u00eda<\/span><\/a><\/h4><\/div><div id=\"1b210128ea41b69bf\" class=\"panel-collapse collapse \" aria-labelledby=\"toggle_1b210128ea41b69bf\"><div class=\"panel-body toggle-content fusion-clearfix\">\n<p>Especialidad m\u00e9dica que se ocupa del diagn\u00f3stico y tratamiento de las enfermedades que afectan las articulaciones, los m\u00fasculos, los huesos y los tejidos conectivos. Los reumat\u00f3logos est\u00e1n capacitados para manejar una variedad de condiciones, como la artritis reumatoide, la osteoartritis, el lupus y la fibromialgia, utilizando una combinaci\u00f3n de medicamentos, terapias f\u00edsicas y otros tratamientos para mejorar la calidad de vida de los pacientes.<\/p>\n<\/div><\/div><\/div><div class=\"fusion-panel panel-default panel-1ff704d5882781695 fusion-toggle-no-divider fusion-toggle-boxed-mode\"><div class=\"panel-heading\"><h4 class=\"panel-title toggle\" id=\"toggle_1ff704d5882781695\"><a aria-expanded=\"false\" aria-controls=\"1ff704d5882781695\" role=\"button\" data-toggle=\"collapse\" data-parent=\"#accordion-4052-3\" data-target=\"#1ff704d5882781695\" href=\"#1ff704d5882781695\"><span class=\"fusion-toggle-icon-wrapper\" aria-hidden=\"true\"><i class=\"fa-fusion-box active-icon fa-arrow-alt-circle-down far\" aria-hidden=\"true\"><\/i><i class=\"fa-fusion-box inactive-icon fa-arrow-alt-circle-right far\" aria-hidden=\"true\"><\/i><\/span><span class=\"fusion-toggle-heading\">Normograma<\/span><\/a><\/h4><\/div><div id=\"1ff704d5882781695\" class=\"panel-collapse collapse \" aria-labelledby=\"toggle_1ff704d5882781695\"><div class=\"panel-body toggle-content fusion-clearfix\">\n<p>Es una herramienta gr\u00e1fica que organiza y muestra de manera jer\u00e1rquica las normativas, reglamentos y procedimientos dentro de una organizaci\u00f3n o sistema espec\u00edfico. En el contexto de la gen\u00e9tica, un normograma puede representar la secuencia de protocolos y regulaciones relacionadas con la investigaci\u00f3n gen\u00e9tica, la pr\u00e1ctica cl\u00ednica y la \u00e9tica en este campo. Esto incluir\u00eda desde leyes generales sobre investigaci\u00f3n biom\u00e9dica hasta pautas espec\u00edficas sobre el manejo de datos gen\u00e9ticos y la privacidad del paciente. Un normograma en gen\u00e9tica proporciona una visi\u00f3n integral de las normativas relevantes, lo que ayuda a los investigadores y profesionales a comprender y cumplir con las regulaciones aplicables.<\/p>\n<\/div><\/div><\/div><div class=\"fusion-panel panel-default panel-40f088fc17dc90c36 fusion-toggle-no-divider fusion-toggle-boxed-mode\"><div class=\"panel-heading\"><h4 class=\"panel-title toggle\" id=\"toggle_40f088fc17dc90c36\"><a aria-expanded=\"false\" aria-controls=\"40f088fc17dc90c36\" role=\"button\" data-toggle=\"collapse\" data-parent=\"#accordion-4052-3\" data-target=\"#40f088fc17dc90c36\" href=\"#40f088fc17dc90c36\"><span class=\"fusion-toggle-icon-wrapper\" aria-hidden=\"true\"><i class=\"fa-fusion-box active-icon fa-arrow-alt-circle-down far\" aria-hidden=\"true\"><\/i><i class=\"fa-fusion-box inactive-icon fa-arrow-alt-circle-right far\" aria-hidden=\"true\"><\/i><\/span><span class=\"fusion-toggle-heading\">Geriatr\u00eda<\/span><\/a><\/h4><\/div><div id=\"40f088fc17dc90c36\" class=\"panel-collapse collapse \" aria-labelledby=\"toggle_40f088fc17dc90c36\"><div class=\"panel-body toggle-content fusion-clearfix\">\n<p>Puede presentar los distintos protocolos de atenci\u00f3n m\u00e9dica para pacientes de edad avanzada, desde la evaluaci\u00f3n inicial hasta el tratamiento y el seguimiento de enfermedades comunes en esta poblaci\u00f3n. Esto podr\u00eda incluir pautas sobre el manejo de enfermedades cr\u00f3nicas, la prevenci\u00f3n de ca\u00eddas, la nutrici\u00f3n adecuada y el cuidado del paciente en entornos de atenci\u00f3n a largo plazo. Un normograma en geriatr\u00eda sirve como una gu\u00eda pr\u00e1ctica para los profesionales de la salud, asegurando una atenci\u00f3n integral y coordinada para los adultos mayores.<\/p>\n<\/div><\/div><\/div><\/div><\/div><\/div><\/div><\/div><\/div><\/p>\n","protected":false},"excerpt":{"rendered":"<p>Somos tu equipo de confianza para cuidar de ti con dedicaci\u00f3n y profesionalismo.<\/p>\n","protected":false},"author":1,"featured_media":4459,"comment_status":"open","ping_status":"open","sticky":false,"template":"","format":"standard","meta":{"_acf_changed":false,"_lmt_disableupdate":"no","_lmt_disable":"no","footnotes":""},"categories":[34],"tags":[229],"class_list":["post-4052","post","type-post","status-publish","format-standard","has-post-thumbnail","hentry","category-servicios","tag-consulta-externa-hospital-universitario-san-jose"],"acf":[],"modified_by":"Hospital San Jos\u00e9","_links":{"self":[{"href":"https:\/\/hospitalsanjose.gov.co\/index.php\/wp-json\/wp\/v2\/posts\/4052","targetHints":{"allow":["GET"]}}],"collection":[{"href":"https:\/\/hospitalsanjose.gov.co\/index.php\/wp-json\/wp\/v2\/posts"}],"about":[{"href":"https:\/\/hospitalsanjose.gov.co\/index.php\/wp-json\/wp\/v2\/types\/post"}],"author":[{"embeddable":true,"href":"https:\/\/hospitalsanjose.gov.co\/index.php\/wp-json\/wp\/v2\/users\/1"}],"replies":[{"embeddable":true,"href":"https:\/\/hospitalsanjose.gov.co\/index.php\/wp-json\/wp\/v2\/comments?post=4052"}],"version-history":[{"count":11,"href":"https:\/\/hospitalsanjose.gov.co\/index.php\/wp-json\/wp\/v2\/posts\/4052\/revisions"}],"predecessor-version":[{"id":12716,"href":"https:\/\/hospitalsanjose.gov.co\/index.php\/wp-json\/wp\/v2\/posts\/4052\/revisions\/12716"}],"wp:featuredmedia":[{"embeddable":true,"href":"https:\/\/hospitalsanjose.gov.co\/index.php\/wp-json\/wp\/v2\/media\/4459"}],"wp:attachment":[{"href":"https:\/\/hospitalsanjose.gov.co\/index.php\/wp-json\/wp\/v2\/media?parent=4052"}],"wp:term":[{"taxonomy":"category","embeddable":true,"href":"https:\/\/hospitalsanjose.gov.co\/index.php\/wp-json\/wp\/v2\/categories?post=4052"},{"taxonomy":"post_tag","embeddable":true,"href":"https:\/\/hospitalsanjose.gov.co\/index.php\/wp-json\/wp\/v2\/tags?post=4052"}],"curies":[{"name":"wp","href":"https:\/\/api.w.org\/{rel}","templated":true}]}}