{"id":10234,"date":"2025-07-01T14:21:05","date_gmt":"2025-07-01T19:21:05","guid":{"rendered":"https:\/\/hospitalsanjose.gov.co\/?p=10234"},"modified":"2025-07-01T14:24:14","modified_gmt":"2025-07-01T19:24:14","slug":"reconocimiento-al-hospital-universitario-san-jose-en-el-marco-de-la-ruta-materno-perinatal","status":"publish","type":"post","link":"https:\/\/hospitalsanjose.gov.co\/index.php\/reconocimiento-al-hospital-universitario-san-jose-en-el-marco-de-la-ruta-materno-perinatal\/","title":{"rendered":"RECONOCIMIENTO AL HOSPITAL UNIVERSITARIO SAN JOS\u00c9 EN EL MARCO DE LA RUTA MATERNO PERINATAL"},"content":{"rendered":"<p><div class=\"fusion-fullwidth fullwidth-box fusion-builder-row-1 fusion-flex-container has-pattern-background has-mask-background hundred-percent-fullwidth non-hundred-percent-height-scrolling\" style=\"--awb-border-radius-top-left:0px;--awb-border-radius-top-right:0px;--awb-border-radius-bottom-right:0px;--awb-border-radius-bottom-left:0px;--awb-padding-top:0px;--awb-padding-right:1911px;--awb-padding-bottom:0px;--awb-padding-left:0px;--awb-margin-bottom:0px;--awb-flex-wrap:wrap;\" ><div class=\"fusion-builder-row fusion-row fusion-flex-align-items-flex-start fusion-flex-content-wrap\" style=\"width:104% !important;max-width:104% !important;margin-left: calc(-4% \/ 2 );margin-right: calc(-4% \/ 2 );\"><div class=\"fusion-layout-column fusion_builder_column fusion-builder-column-0 fusion_builder_column_1_1 1_1 fusion-flex-column\" style=\"--awb-padding-bottom:30px;--awb-padding-left:2948px;--awb-bg-color:var(--awb-color3);--awb-bg-color-hover:var(--awb-color3);--awb-bg-size:cover;--awb-box-shadow: 0px 0px var(--awb-color6);;--awb-width-large:100%;--awb-margin-top-large:0px;--awb-spacing-right-large:0%;--awb-margin-bottom-large:20px;--awb-spacing-left-large:1.92%;--awb-width-medium:100%;--awb-order-medium:0;--awb-spacing-right-medium:0%;--awb-spacing-left-medium:1.92%;--awb-width-small:100%;--awb-order-small:0;--awb-spacing-right-small:1.92%;--awb-spacing-left-small:1.92%;\"><div class=\"fusion-column-wrapper fusion-column-has-shadow fusion-flex-justify-content-flex-start fusion-content-layout-column\"><\/div><\/div><\/div><\/div><div class=\"fusion-fullwidth fullwidth-box fusion-builder-row-2 fusion-flex-container nonhundred-percent-fullwidth non-hundred-percent-height-scrolling\" style=\"--awb-border-radius-top-left:0px;--awb-border-radius-top-right:0px;--awb-border-radius-bottom-right:0px;--awb-border-radius-bottom-left:0px;--awb-flex-wrap:wrap;\" ><div class=\"fusion-builder-row fusion-row fusion-flex-align-items-flex-start fusion-flex-content-wrap\" style=\"max-width:1248px;margin-left: calc(-4% \/ 2 );margin-right: calc(-4% \/ 2 );\"><div class=\"fusion-layout-column fusion_builder_column fusion-builder-column-1 fusion_builder_column_1_1 1_1 fusion-flex-column\" style=\"--awb-bg-blend:overlay;--awb-bg-size:cover;--awb-width-large:100%;--awb-margin-top-large:0px;--awb-spacing-right-large:1.92%;--awb-margin-bottom-large:0px;--awb-spacing-left-large:1.92%;--awb-width-medium:100%;--awb-spacing-right-medium:1.92%;--awb-spacing-left-medium:1.92%;--awb-width-small:100%;--awb-spacing-right-small:1.92%;--awb-spacing-left-small:1.92%;\"><div class=\"fusion-column-wrapper fusion-flex-justify-content-flex-start fusion-content-layout-column\"><div class=\"fusion-text fusion-text-1\"><h2 style=\"font-family: Lato, Arial, Helvetica, sans-serif; font-weight: 400; line-height: 1.2; letter-spacing: -0.72px; text-transform: none; font-style: normal; font-size: 48px; color: #232b2b; margin-top: 0px; margin-bottom: 52.8px; text-align: center;\">RECONOCIMIENTO AL HOSPITAL UNIVERSITARIO SAN JOS\u00c9 EN EL MARCO DE LA RUTA MATERNO PERINATAL<\/h2>\n<h2 style=\"font-family: Lato, Arial, Helvetica, sans-serif; font-weight: 400; line-height: 1.2; letter-spacing: -0.72px; text-transform: none; font-style: normal; font-size: 48px; color: #232b2b; margin-top: 0px; margin-bottom: 52.8px; text-align: center;\"><img decoding=\"async\" style=\"letter-spacing: 0.24px; background-color: rgba(0, 0, 0, 0); font-size: 16px; text-align: start;\" src=\"https:\/\/hospitalsanjose.gov.co\/wp-content\/uploads\/2025\/07\/514405506_1127321356109288_9113652315298280198_n-e1751397517929.jpg\"><\/h2>\n<p style=\"text-align: center; font-size: 24px;\" data-fusion-font=\"true\"><b>\u00a1Con orgullo Hospital Universitario San Jos\u00e9!<\/b><\/p>\n<p style=\"text-align: center; font-size: 24px;\" data-fusion-font=\"true\">La Gobernaci\u00f3n del Cauca ha otorgado un especial reconocimiento al Hospital Universitario San Jos\u00e9 de Popay\u00e1n E.S.E por su compromiso en la prestaci\u00f3n de servicios de alta calidad, con atenci\u00f3n integral, oportuna y humana, en el marco de la Ruta Materno Perinatal.<\/p>\n<p style=\"text-align: center; font-size: 24px;\" data-fusion-font=\"true\">Este reconocimiento destaca el trabajo de la alta gerencia, liderada por el Dr. Juan Carlos Arteaga Cifuentes , y del equipo asistencial, que d\u00eda a d\u00eda entrega lo mejor de s\u00ed para proteger la vida de las madres y sus beb\u00e9s.<\/p>\n<p style=\"text-align: center; font-size: 24px;\" data-fusion-font=\"true\">\u00a1Seguimos trabajando con amor, calidad y compromiso por la salud de los caucanos!<\/p>\n<p style=\"text-align: center; font-size: 20px;\" data-fusion-font=\"true\">#HUSJ #RutaMaternoPerinatal #Gobernaci\u00f3nDelCauca #Reconocimiento #CalidadEnSalud #HospitalUniversitarioSanJos\u00e9 #Popay\u00e1n #Gesti\u00f3nConResultados #Humanizaci\u00f3nEnLaAtenci\u00f3n<\/p>\n<\/div><\/div><\/div><\/div><\/div><\/p>\n","protected":false},"excerpt":{"rendered":"","protected":false},"author":3,"featured_media":10235,"comment_status":"open","ping_status":"open","sticky":false,"template":"","format":"standard","meta":{"_acf_changed":false,"_lmt_disableupdate":"no","_lmt_disable":"no","footnotes":""},"categories":[32],"tags":[],"class_list":["post-10234","post","type-post","status-publish","format-standard","has-post-thumbnail","hentry","category-noticias"],"acf":[],"modified_by":"Comunicaciones HUSJ","_links":{"self":[{"href":"https:\/\/hospitalsanjose.gov.co\/index.php\/wp-json\/wp\/v2\/posts\/10234","targetHints":{"allow":["GET"]}}],"collection":[{"href":"https:\/\/hospitalsanjose.gov.co\/index.php\/wp-json\/wp\/v2\/posts"}],"about":[{"href":"https:\/\/hospitalsanjose.gov.co\/index.php\/wp-json\/wp\/v2\/types\/post"}],"author":[{"embeddable":true,"href":"https:\/\/hospitalsanjose.gov.co\/index.php\/wp-json\/wp\/v2\/users\/3"}],"replies":[{"embeddable":true,"href":"https:\/\/hospitalsanjose.gov.co\/index.php\/wp-json\/wp\/v2\/comments?post=10234"}],"version-history":[{"count":4,"href":"https:\/\/hospitalsanjose.gov.co\/index.php\/wp-json\/wp\/v2\/posts\/10234\/revisions"}],"predecessor-version":[{"id":10239,"href":"https:\/\/hospitalsanjose.gov.co\/index.php\/wp-json\/wp\/v2\/posts\/10234\/revisions\/10239"}],"wp:featuredmedia":[{"embeddable":true,"href":"https:\/\/hospitalsanjose.gov.co\/index.php\/wp-json\/wp\/v2\/media\/10235"}],"wp:attachment":[{"href":"https:\/\/hospitalsanjose.gov.co\/index.php\/wp-json\/wp\/v2\/media?parent=10234"}],"wp:term":[{"taxonomy":"category","embeddable":true,"href":"https:\/\/hospitalsanjose.gov.co\/index.php\/wp-json\/wp\/v2\/categories?post=10234"},{"taxonomy":"post_tag","embeddable":true,"href":"https:\/\/hospitalsanjose.gov.co\/index.php\/wp-json\/wp\/v2\/tags?post=10234"}],"curies":[{"name":"wp","href":"https:\/\/api.w.org\/{rel}","templated":true}]}}